{"id":12290,"date":"2013-07-19T03:54:18","date_gmt":"2013-07-19T01:54:18","guid":{"rendered":"http:\/\/www.retromagazine.eu\/retro\/?p=12290"},"modified":"2013-07-19T03:54:18","modified_gmt":"2013-07-19T01:54:18","slug":"scene-talk-21-mit-paralax-und-frank-erstling","status":"publish","type":"post","link":"http:\/\/www.retromagazine.eu\/retro\/blog\/2013\/07\/19\/scene-talk-21-mit-paralax-und-frank-erstling\/","title":{"rendered":"Scene-Talk #21 mit Paralax und Frank Erstling"},"content":{"rendered":"<p><em>Manuel Sehrbrock<\/em> von <a href=\"http:\/\/www.radio-paralax.de\/news\/newsscript.php?comments=ok&amp;newsid=360\" target=\"_blank\">Radio PARALAX<\/a> wird am Sonntag dem 21. Juli 2013, ab 20:00 Uhr, mit <em>Frank Erstling<\/em> vom <a href=\"https:\/\/www.return-magazin.de\/\" target=\"_blank\">RETURN-Magazin<\/a> \u00fcber diverse Retro-Dinge philosophieren.<\/p>\n<p>Ein Auszug aus dem Programm:<\/p>\n<blockquote><p>Nachdem es schon wieder fast ein Jahr ruhig um unsere bekannte Talksendung wurde, haben wir nun endlich eine weitere Folge am Start. Diesmal begr\u00fc\u00dfen wir als Special Guest Frank Erstling vom RETURN-Magazin, neben dem Retro-Magazin eine der wenigen verbleibenden Printzeitschrift der 8- und 16-Bit Generation. Weitere Prominente k\u00f6nnten noch in den n\u00e4chsten Tagen folgen. Haltet hierzu besonders unser Forum und den Sendeplan im Auge. Weiterhin sprechen wir anl\u00e4sslich des 30. Geburtstages des NES \u00fcber die sch\u00f6nsten Spiele und Erinnerungen Nintendo&#8217;s ersten Heimkonsole, der n\u00e4chsten Konsolengeneration Playstation 4 und XBox One, sowie \u00fcber die Zukunft der Indie-Game Entwicklung.<\/p><\/blockquote>\n","protected":false},"excerpt":{"rendered":"<p>Manuel Sehrbrock von Radio PARALAX wird am Sonntag dem 21. Juli 2013, ab 20:00 Uhr, mit Frank Erstling vom RETURN-Magazin \u00fcber diverse Retro-Dinge philosophieren. Ein Auszug aus dem Programm: Nachdem es schon wieder fast ein Jahr ruhig um unsere bekannte Talksendung wurde, haben wir nun endlich eine weitere Folge am Start. Diesmal begr\u00fc\u00dfen wir als [&hellip;]<\/p>\n","protected":false},"author":138,"featured_media":0,"comment_status":"open","ping_status":"open","sticky":false,"template":"","format":"standard","meta":{"rop_custom_images_group":[],"rop_custom_messages_group":[],"rop_publish_now":"initial","rop_publish_now_accounts":[],"rop_publish_now_history":[],"rop_publish_now_status":"pending","footnotes":""},"categories":[6],"tags":[4664,2560,3233,2310,3234,2591],"class_list":["post-12290","post","type-post","status-publish","format-standard","hentry","category-events","tag-events","tag-frank-erstling","tag-manuel-sehrbrock","tag-radio-paralax","tag-scene-talk","tag-veranstaltung"],"amp_enabled":true,"_links":{"self":[{"href":"http:\/\/www.retromagazine.eu\/retro\/wp-json\/wp\/v2\/posts\/12290","targetHints":{"allow":["GET"]}}],"collection":[{"href":"http:\/\/www.retromagazine.eu\/retro\/wp-json\/wp\/v2\/posts"}],"about":[{"href":"http:\/\/www.retromagazine.eu\/retro\/wp-json\/wp\/v2\/types\/post"}],"author":[{"embeddable":true,"href":"http:\/\/www.retromagazine.eu\/retro\/wp-json\/wp\/v2\/users\/138"}],"replies":[{"embeddable":true,"href":"http:\/\/www.retromagazine.eu\/retro\/wp-json\/wp\/v2\/comments?post=12290"}],"version-history":[{"count":0,"href":"http:\/\/www.retromagazine.eu\/retro\/wp-json\/wp\/v2\/posts\/12290\/revisions"}],"wp:attachment":[{"href":"http:\/\/www.retromagazine.eu\/retro\/wp-json\/wp\/v2\/media?parent=12290"}],"wp:term":[{"taxonomy":"category","embeddable":true,"href":"http:\/\/www.retromagazine.eu\/retro\/wp-json\/wp\/v2\/categories?post=12290"},{"taxonomy":"post_tag","embeddable":true,"href":"http:\/\/www.retromagazine.eu\/retro\/wp-json\/wp\/v2\/tags?post=12290"}],"curies":[{"name":"wp","href":"https:\/\/api.w.org\/{rel}","templated":true}]}}