{"id":8104,"date":"2011-12-14T18:17:51","date_gmt":"2011-12-14T17:17:51","guid":{"rendered":"http:\/\/www.retromagazine.eu\/retro\/?p=8104"},"modified":"2011-12-14T18:17:51","modified_gmt":"2011-12-14T17:17:51","slug":"retro-lounge-83-ehrliche-funf-sekunden-we-are-not-delighted-mrs-kroes","status":"publish","type":"post","link":"http:\/\/www.retromagazine.eu\/retro\/blog\/2011\/12\/14\/retro-lounge-83-ehrliche-funf-sekunden-we-are-not-delighted-mrs-kroes\/","title":{"rendered":"RETRO-Lounge [83]: Ehrliche f\u00fcnf Sekunden: We are not delighted, Mrs Kroes!"},"content":{"rendered":"<p><a href=\"https:\/\/de.wikipedia.org\/wiki\/Neelie_Kroes\">Neelie Kroes<\/a> scheint den <a href=\"http:\/\/www.sueddeutsche.de\/politik\/plagiatsaffaere-bundeswehrreform-kundus-affaere-das-elend-des-talentierten-herrn-guttenberg-1.1094287\">mehrfach<\/a> gescheiterten Ex-Minister Guttenberg ja aus irgendeinem Grund ganz fest ins Herz geschlossen zu haben, sonst h\u00e4tte sie wohl kaum derma\u00dfen oft und stoisch w\u00e4hrend der Pressekonferenz zum <a href=\"http:\/\/europa.eu\/rapid\/pressReleasesAction.do?reference=IP\/11\/1525&#038;format=HTML&#038;aged=0&#038;language=DE&#038;guiLanguage=en\">EU-Projekt &#8222;No disconnect&#8220;<\/a> betont, da\u00df sie total &#8222;delighted&#8220; \u00fcber sein Mitwirken sei. Sehr gro\u00dfe Teile der digital aktiven Deutschen, zum Beispiel zahlreiche Twitter-User, scheinen dieses Entz\u00fccken keineswegs zu teilen. Kein Wunder: es gibt eigentlich nichts, was Guttenberg zu der hochgradig sensiblen und spannenden Thematik substantiell beitragen, geschweige denn ihm einen entsprechenden Expertenstatus zukommen lassen k\u00f6nnte. Mir fallen hier spontan Dutzende Menschen ein, die ungleich kompetenter und geeigneter sind f\u00fcr diesen Job. Aber irgendetwas jenseits echter Kompetenz mu\u00df es ja sein, was Frau Kroes so entz\u00fcckt hat. Wir konnten es auf der Pressekonferenz leider nicht erfahren. Schade.<\/p>\n<p><a href=\"http:\/\/www.retromagazine.eu\/retro\/wp-content\/uploads\/2011\/12\/Kroes-Retro-1.jpg\"><img loading=\"lazy\" decoding=\"async\" src=\"http:\/\/www.retromagazine.eu\/retro\/wp-content\/uploads\/2011\/12\/Kroes-Retro-1-443x294.jpg\" alt=\"Neelie Kroes &amp; RETRO\" title=\"Neelie Kroes &amp; RETRO\" width=\"443\" height=\"294\" class=\"alignleft size-medium wp-image-8105\" srcset=\"http:\/\/www.retromagazine.eu\/retro\/wp-content\/uploads\/2011\/12\/Kroes-Retro-1-443x294.jpg 443w, http:\/\/www.retromagazine.eu\/retro\/wp-content\/uploads\/2011\/12\/Kroes-Retro-1-140x92.jpg 140w, http:\/\/www.retromagazine.eu\/retro\/wp-content\/uploads\/2011\/12\/Kroes-Retro-1.jpg 652w\" sizes=\"auto, (max-width: 443px) 100vw, 443px\" \/><\/a><\/p>\n<p>Kleine Wette gef\u00e4llig? Ich sage: Guttenberg wird auch diesmal versuchen, seine Inhaltslosigkeit durch <a href=\"http:\/\/www.amazon.de\/Inszenierung-als-Beruf-Guttenberg-suhrkamp\/dp\/3518062085\/\">Inszenierung<\/a> zu \u00fcbert\u00fcnchen. Denn warum sollte jemand, der diese Strategie ein Leben lang eingesetzt hat, nun innerhalb weniger Monate davon abkommen, von diesem ganz besonderen, gro\u00dfspurigen Gehabe, gespeist vom (irrigen) Gef\u00fchl einer Art nat\u00fcrlicher \u00dcberlegenheit, getragen vom satten Brustton der \u00dcberzeugung, kurz: von der Inszenierung? Weil er aus Schaden klug geworden ist? Das w\u00e4re nat\u00fcrlich ein veritabler Grund, aber davon ist schon allein deshalb nicht auszugehen, weil er dann diesen Beraterposten gar nicht erst angenommen h\u00e4tte.<\/p>\n<p>Kann er also auch anders? Grunds\u00e4tzlich und unter bestimmten Voraussetzungen nat\u00fcrlich schon. Aber Guttenberg spult auch diesmal seine nicht gerade sympathische Gro\u00dfspurigkeit ab, so wie in den ersten f\u00fcnf Sekunden dieses Videoauschnitts, in denen er die Journalistenfrage beantwortet, warum dieser Auftritt kein Comeback in der deutschen Politik sei:<\/p>\n<p><iframe loading=\"lazy\" width=\"443\" scrolling=\"no\" height=\"249\" frameborder=\"0\" src=\"http:\/\/www.spiegel.tv\/filme\/guttenberg-pk-twitter\/embed\/?t=19m17s\" name=\"sptv-embed\" marginwidth=\"0\" marginheight=\"0\"><br \/><\/iframe><\/p>\n<p>Seriously, Mrs Kroes, we are not delighted.<\/p>\n","protected":false},"excerpt":{"rendered":"<p>Neelie Kroes scheint den mehrfach gescheiterten Ex-Minister Guttenberg ja aus irgendeinem Grund ganz fest ins Herz geschlossen zu haben, sonst h\u00e4tte sie wohl kaum derma\u00dfen oft und stoisch w\u00e4hrend der Pressekonferenz zum EU-Projekt &#8222;No disconnect&#8220; betont, da\u00df sie total &#8222;delighted&#8220; \u00fcber sein Mitwirken sei. Sehr gro\u00dfe Teile der digital aktiven Deutschen, zum Beispiel zahlreiche Twitter-User, [&hellip;]<\/p>\n","protected":false},"author":5,"featured_media":0,"comment_status":"open","ping_status":"open","sticky":false,"template":"","format":"standard","meta":{"rop_custom_images_group":[],"rop_custom_messages_group":[],"rop_publish_now":"initial","rop_publish_now_accounts":[],"rop_publish_now_history":[],"rop_publish_now_status":"pending","footnotes":""},"categories":[9],"tags":[526,1933,1934,1935,1937,1936],"class_list":["post-8104","post","type-post","status-publish","format-standard","hentry","category-retro-lounge","tag-eu","tag-guttenberg","tag-kroes","tag-no-disconnect-strategy","tag-pressekonferenz","tag-spiegel-tv"],"amp_enabled":true,"_links":{"self":[{"href":"http:\/\/www.retromagazine.eu\/retro\/wp-json\/wp\/v2\/posts\/8104","targetHints":{"allow":["GET"]}}],"collection":[{"href":"http:\/\/www.retromagazine.eu\/retro\/wp-json\/wp\/v2\/posts"}],"about":[{"href":"http:\/\/www.retromagazine.eu\/retro\/wp-json\/wp\/v2\/types\/post"}],"author":[{"embeddable":true,"href":"http:\/\/www.retromagazine.eu\/retro\/wp-json\/wp\/v2\/users\/5"}],"replies":[{"embeddable":true,"href":"http:\/\/www.retromagazine.eu\/retro\/wp-json\/wp\/v2\/comments?post=8104"}],"version-history":[{"count":0,"href":"http:\/\/www.retromagazine.eu\/retro\/wp-json\/wp\/v2\/posts\/8104\/revisions"}],"wp:attachment":[{"href":"http:\/\/www.retromagazine.eu\/retro\/wp-json\/wp\/v2\/media?parent=8104"}],"wp:term":[{"taxonomy":"category","embeddable":true,"href":"http:\/\/www.retromagazine.eu\/retro\/wp-json\/wp\/v2\/categories?post=8104"},{"taxonomy":"post_tag","embeddable":true,"href":"http:\/\/www.retromagazine.eu\/retro\/wp-json\/wp\/v2\/tags?post=8104"}],"curies":[{"name":"wp","href":"https:\/\/api.w.org\/{rel}","templated":true}]}}