{"id":32132,"date":"2020-02-28T17:34:58","date_gmt":"2020-02-28T16:34:58","guid":{"rendered":"http:\/\/www.retromagazine.eu\/retro\/?p=32132"},"modified":"2020-02-28T09:39:38","modified_gmt":"2020-02-28T08:39:38","slug":"veranstaltung-retrocon-2020-28-maerz-2020-muenchen-deutschland","status":"publish","type":"post","link":"https:\/\/www.retromagazine.eu\/retro\/blog\/2020\/02\/28\/veranstaltung-retrocon-2020-28-maerz-2020-muenchen-deutschland\/","title":{"rendered":"Veranstaltung: Retrocon 2020, 28. M\u00e4rz 2020, M\u00fcnchen, Deutschland"},"content":{"rendered":"<p><a href=\"http:\/\/www.retromagazine.eu\/retro\/wp-content\/uploads\/2020\/02\/Retrocon-2020-28.-M\u00e4rz-2020-M\u00fcnchen-Deutschland.jpg\"><img loading=\"lazy\" decoding=\"async\" class=\"size-thumbnail wp-image-32134 alignleft\" src=\"http:\/\/www.retromagazine.eu\/retro\/wp-content\/uploads\/2020\/02\/Retrocon-2020-28.-M\u00e4rz-2020-M\u00fcnchen-Deutschland-140x54.jpg\" alt=\"\" width=\"140\" height=\"54\" srcset=\"https:\/\/www.retromagazine.eu\/retro\/wp-content\/uploads\/2020\/02\/Retrocon-2020-28.-M\u00e4rz-2020-M\u00fcnchen-Deutschland-140x54.jpg 140w, https:\/\/www.retromagazine.eu\/retro\/wp-content\/uploads\/2020\/02\/Retrocon-2020-28.-M\u00e4rz-2020-M\u00fcnchen-Deutschland-443x172.jpg 443w, https:\/\/www.retromagazine.eu\/retro\/wp-content\/uploads\/2020\/02\/Retrocon-2020-28.-M\u00e4rz-2020-M\u00fcnchen-Deutschland-768x298.jpg 768w, https:\/\/www.retromagazine.eu\/retro\/wp-content\/uploads\/2020\/02\/Retrocon-2020-28.-M\u00e4rz-2020-M\u00fcnchen-Deutschland.jpg 1008w\" sizes=\"auto, (max-width: 140px) 100vw, 140px\" \/><\/a>Mit der <a href=\"https:\/\/circuit-board.de\/forum\/index.php\/Thread\/29643-RetroCon-am-28-03-2020-in-M%C3%BCnchen-F%C3%BCrstenried\/\" target=\"_blank\" rel=\"noopener noreferrer\"><strong>Retrocon<\/strong><\/a> gibt es eine neue B\u00f6rse f\u00fcr Retrokram in M\u00fcnchen. Im B\u00fcrgersaal F\u00fcrstenried (81476 M\u00fcnchen) gehts am 28. M\u00e4rz (Samstag) ab 11:00 Uhr bis 16:00 Uhr zur Sache. Der Eintritt betr\u00e4gt schlanke f\u00fcnf Euro.<\/p>\n","protected":false},"excerpt":{"rendered":"<p>Mit der Retrocon gibt es eine neue B\u00f6rse f\u00fcr Retrokram in M\u00fcnchen. Im B\u00fcrgersaal F\u00fcrstenried (81476 M\u00fcnchen) gehts am 28. M\u00e4rz (Samstag) ab 11:00 Uhr bis 16:00 Uhr zur Sache. Der Eintritt betr\u00e4gt schlanke f\u00fcnf Euro.<\/p>\n","protected":false},"author":138,"featured_media":32134,"comment_status":"open","ping_status":"open","sticky":false,"template":"","format":"standard","meta":{"rop_custom_images_group":[],"rop_custom_messages_group":[],"rop_publish_now":"initial","rop_publish_now_accounts":[],"rop_publish_now_history":[],"rop_publish_now_status":"pending","footnotes":""},"categories":[6],"tags":[4034,762,1153,2053,337,7644,2591],"class_list":["post-32132","post","type-post","status-publish","format-standard","has-post-thumbnail","hentry","category-events","tag-deutschland","tag-event","tag-muenchen","tag-retro-borse","tag-retroboerse","tag-retrocon","tag-veranstaltung"],"amp_enabled":true,"_links":{"self":[{"href":"https:\/\/www.retromagazine.eu\/retro\/wp-json\/wp\/v2\/posts\/32132","targetHints":{"allow":["GET"]}}],"collection":[{"href":"https:\/\/www.retromagazine.eu\/retro\/wp-json\/wp\/v2\/posts"}],"about":[{"href":"https:\/\/www.retromagazine.eu\/retro\/wp-json\/wp\/v2\/types\/post"}],"author":[{"embeddable":true,"href":"https:\/\/www.retromagazine.eu\/retro\/wp-json\/wp\/v2\/users\/138"}],"replies":[{"embeddable":true,"href":"https:\/\/www.retromagazine.eu\/retro\/wp-json\/wp\/v2\/comments?post=32132"}],"version-history":[{"count":0,"href":"https:\/\/www.retromagazine.eu\/retro\/wp-json\/wp\/v2\/posts\/32132\/revisions"}],"wp:featuredmedia":[{"embeddable":true,"href":"https:\/\/www.retromagazine.eu\/retro\/wp-json\/wp\/v2\/media\/32134"}],"wp:attachment":[{"href":"https:\/\/www.retromagazine.eu\/retro\/wp-json\/wp\/v2\/media?parent=32132"}],"wp:term":[{"taxonomy":"category","embeddable":true,"href":"https:\/\/www.retromagazine.eu\/retro\/wp-json\/wp\/v2\/categories?post=32132"},{"taxonomy":"post_tag","embeddable":true,"href":"https:\/\/www.retromagazine.eu\/retro\/wp-json\/wp\/v2\/tags?post=32132"}],"curies":[{"name":"wp","href":"https:\/\/api.w.org\/{rel}","templated":true}]}}